{"id":119488,"date":"2022-03-17T13:26:37","date_gmt":"2022-03-17T12:26:37","guid":{"rendered":"https:\/\/zity.eco\/?p=119488"},"modified":"2022-09-29T13:46:55","modified_gmt":"2022-09-29T11:46:55","slug":"zfe-lyon-zity-solution-alternative","status":"publish","type":"post","link":"https:\/\/zity.eco\/fr\/blog\/zfe-lyon-zity-solution-alternative\/","title":{"rendered":"Pr\u00e9parez-vous aux prochaines \u00e9ch\u00e9ances de la ZFE \u00e0 Lyon avec Zity"},"content":{"rendered":"\n<h2>Avec un calendrier qui s\u2019acc\u00e9l\u00e8re, les automobilistes de la m\u00e9tropole de Lyon se pr\u00e9parent \u00e0 de nouvelles restrictions. Les d\u00e9placements multimodaux et les transports \u00ab&nbsp;doux&nbsp;\u00bb sont donc de plus en plus pl\u00e9biscit\u00e9s, et l\u2019autopartage \u00e9lectrique se d\u00e9marque comme solution de mobilit\u00e9 alternative.<\/h2>\n\n\n\n<p><strong>B.A. BA sur la ZFE<\/strong><\/p>\n\n\n\n<p>Inscrite dans la Loi relative \u00e0 la transition \u00e9nerg\u00e9tique pour la croissance verte et encadr\u00e9e par la Loi d\u2019orientation des mobilit\u00e9s (LOM), la ZFE ou zone \u00e0 faibles \u00e9missions est un dispositif qui permet de lutter contre la pollution atmosph\u00e9rique dans les zones urbaines.<\/p>\n\n\n\n<p>Si la qualit\u00e9 de l\u2019air est un sujet d\u2019int\u00e9r\u00eat public c\u2019est parce que la pollution serait responsable de dizaines de milliers de d\u00e9c\u00e8s pr\u00e9matur\u00e9s chaque ann\u00e9e.<sup>(1)<\/sup> En France, le dispositif vise donc \u00e0 exclure les v\u00e9hicules les plus polluants des centres urbains. Pour ce faire, l\u2019acc\u00e8s \u00e0 ces zones est notamment r\u00e9gi par la <a href=\"https:\/\/www.certificat-air.gouv.fr\/\">classification Crit\u2019Air<\/a>.<\/p>\n\n\n\n<p>Il appartient \u00e0 chaque m\u00e9tropole de d\u00e9finir ses restrictions et ses r\u00e8gles d\u2019acc\u00e8s. On parle donc de ZFE au pluriel puisqu\u2019une dizaine de m\u00e9tropoles fran\u00e7aises sont d\u00e9j\u00e0 concern\u00e9es par cette loi, dont Lyon.<\/p>\n\n\n\n<p><strong>ZFE \u00e0 Lyon&nbsp;: o\u00f9, quand&nbsp;et comment ?<\/strong><\/p>\n\n\n\n<p>Dans la m\u00e9tropole rhodanienne, la zone concern\u00e9e comprend Lyon, la commune de Caluire-et-Cuire ainsi que les zones de Villeurbanne, Bron et V\u00e9nissieux situ\u00e9es \u00e0 l\u2019int\u00e9rieur du p\u00e9riph\u00e9rique.<\/p>\n\n\n\n<p>Appliqu\u00e9es depuis 2020 aux utilitaires destin\u00e9s au transport de marchandises et aux poids-lourds Crit\u2019Air 4, 5 ou non class\u00e9s&nbsp;; puis \u00e9tendues aux Crit\u2019Air 3 de cette m\u00eame cat\u00e9gorie en 2021, les restrictions relatives \u00e0 la ZFE lyonnaise doivent s\u2019\u00e9chelonner jusqu\u2019en 2026. Prochaine \u00e9ch\u00e9ance en septembre 2022 avec l\u2019interdiction de circulation et de stationnement des v\u00e9hicules particuliers pr\u00e9sentant une vignette Crit\u2019air 5 et non class\u00e9s.<sup>(2)<\/sup><\/p>\n\n\n\n<p>Pour les milliers d\u2019automobilistes concern\u00e9s, plus moyen de circuler ni de stationner dans la zone d\u00e9finie sous peine de recevoir une amende. Plusieurs mesures sont donc propos\u00e9es afin d\u2019accompagner les Lyonnais dans cette transition.<\/p>\n\n\n\n<p>En plus des d\u00e9rogations et des aides \u00e0 l\u2019acquisition de v\u00e9hicules propres pour les usagers, la M\u00e9tropole soutient aussi l\u2019innovation et l\u2019implantation de services de mobilit\u00e9 partag\u00e9e. &nbsp;<\/p>\n\n\n\n<p><strong>Zity, une solution alternative<\/strong><\/p>\n\n\n\n<p>D\u00e9ploy\u00e9 sur une grande partie du secteur de la ZFE depuis le 02 mars, le service d\u2019autopartage Zity permet \u00e0 ses utilisateurs de circuler et de stationner dans <a href=\"https:\/\/zity.eco\/fr\/lyon\/zones-zity\/\">le p\u00e9rim\u00e8tre autoris\u00e9<\/a>, mais pas seulement.<\/p>\n\n\n\n<p>\u00c0 partir de l\u2019application d\u2019autopartage Zity by Mobilize, il est possible de localiser, r\u00e9server et (d\u00e9)verrouiller un v\u00e9hicule \u00e0 moins de 15 min de marche. Disponibles 24h\/24 et 7j\/7, nos <a href=\"https:\/\/zity.eco\/fr\/blog\/le-service-dautopartage-zity-diversifie-son-offre-avec-la-dacia-spring\/\">Dacia Spring<\/a> 100% \u00e9lectriques garantissent des trajets z\u00e9ro \u00e9missions.<sup>(3)<\/sup> Autre avantage, le stationnement de nos v\u00e9hicules est gratuit dans toute la zone de service.<\/p>\n\n\n\n<p>T\u00e9l\u00e9chargez l\u2019appli Zity sur l\u2019<a href=\"https:\/\/apps.apple.com\/es\/app\/zity\/id1316126020\">App Store<\/a> ou <a href=\"https:\/\/play.google.com\/store\/apps\/details?id=es.zitycar.carsharing\">Google Play<\/a>, inscrivez-vous gratuitement et (re)d\u00e9couvrez l\u2019autopartage \u00e0 Lyon, avec une offre de bienvenue de 10\u20ac !<\/p>\n\n\n\n<p><sup>(1)<\/sup> <a href=\"https:\/\/www.ecologie.gouv.fr\/11-zones-faibles-emissions-en-2021-lutter-contre-pollution-lair\">Source<\/a>&nbsp;: 11 zones \u00e0 faibles \u00e9missions en 2021 pour lutter contre la pollution de l\u2019air. 2021. Minist\u00e8re de la Transition \u00e9cologique, d\u2019apr\u00e8s Sant\u00e9 Publique France.<\/p>\n\n\n\n<p><sup>(2)<\/sup> <a href=\"https:\/\/www.grandlyon.com\/actions\/zfe.html\">Source<\/a> : Zone \u00e0 faibles \u00e9missions dans la m\u00e9tropole de Lyon. sd. Grand Lyon.<\/p>\n\n\n\n<p><sup>(3) <\/sup>Z\u00e9ro \u00e9mission \u00e0 l\u2019usage : ni \u00e9missions CO2, ni polluants atmosph\u00e9riques r\u00e9glement\u00e9s lors de la conduite, conform\u00e9ment au cycle d\u2019homologation WLTP, hors pi\u00e8ces d\u2019usure.<\/p>\n","protected":false},"excerpt":{"rendered":"<p>Avec un calendrier qui s\u2019acc\u00e9l\u00e8re, les automobilistes de la m\u00e9tropole de Lyon se pr\u00e9parent \u00e0 de nouvelles restrictions. Les d\u00e9placements multimodaux et les transports \u00ab&nbsp;doux&nbsp;\u00bb sont donc de plus en plus pl\u00e9biscit\u00e9s, et l\u2019autopartage \u00e9lectrique se d\u00e9marque comme solution de mobilit\u00e9 alternative. B.A. BA sur la ZFE Inscrite dans la Loi relative \u00e0 la transition [&hellip;]<\/p>\n","protected":false},"author":13,"featured_media":119489,"comment_status":"closed","ping_status":"closed","sticky":false,"template":"","format":"standard","meta":{"inline_featured_image":false},"categories":[1663],"tags":[1628],"yoast_head":"<!-- This site is optimized with the Yoast SEO plugin v18.5.1 - https:\/\/yoast.com\/wordpress\/plugins\/seo\/ -->\n<title>alternative mobilit\u00e9 zfe lyon &ndash; Zity<\/title>\n<meta name=\"description\" content=\"Nouvelles \u00e9ch\u00e9ances pour la ZFE de Lyon. Zity et ses v\u00e9hicules \u00e9lectriques, solution de mobilit\u00e9 pour les usagers.\" \/>\n<meta name=\"robots\" content=\"index, follow, max-snippet:-1, max-image-preview:large, max-video-preview:-1\" \/>\n<link rel=\"canonical\" href=\"https:\/\/zity.eco\/fr\/blog\/zfe-lyon-zity-solution-alternative\/\" \/>\n<meta property=\"og:locale\" content=\"fr_FR\" \/>\n<meta property=\"og:type\" content=\"article\" \/>\n<meta property=\"og:title\" content=\"alternative mobilit\u00e9 zfe lyon &ndash; Zity\" \/>\n<meta property=\"og:description\" content=\"Nouvelles \u00e9ch\u00e9ances pour la ZFE de Lyon. Zity et ses v\u00e9hicules \u00e9lectriques, solution de mobilit\u00e9 pour les usagers.\" \/>\n<meta property=\"og:url\" content=\"https:\/\/zity.eco\/fr\/blog\/zfe-lyon-zity-solution-alternative\/\" \/>\n<meta property=\"og:site_name\" content=\"Zity\" \/>\n<meta property=\"article:published_time\" content=\"2022-03-17T12:26:37+00:00\" \/>\n<meta property=\"article:modified_time\" content=\"2022-09-29T11:46:55+00:00\" \/>\n<meta name=\"twitter:card\" content=\"summary_large_image\" \/>\n<meta name=\"twitter:image\" content=\"https:\/\/zity.eco\/wp-content\/uploads\/2022\/03\/Zity_Lyon_3.jpg\" \/>\n<meta name=\"twitter:label1\" content=\"\u00c9crit par\" \/>\n\t<meta name=\"twitter:data1\" content=\"Pilar Garc\u00eda Carrasco\" \/>\n\t<meta name=\"twitter:label2\" content=\"Dur\u00e9e de lecture estim\u00e9e\" \/>\n\t<meta name=\"twitter:data2\" content=\"3 minutes\" \/>\n<script type=\"application\/ld+json\" class=\"yoast-schema-graph\">{\"@context\":\"https:\/\/schema.org\",\"@graph\":[{\"@type\":\"WebSite\",\"@id\":\"https:\/\/zity.eco\/#website\",\"url\":\"https:\/\/zity.eco\/\",\"name\":\"Zity\",\"description\":\"\",\"potentialAction\":[{\"@type\":\"SearchAction\",\"target\":{\"@type\":\"EntryPoint\",\"urlTemplate\":\"https:\/\/zity.eco\/?s={search_term_string}\"},\"query-input\":\"required name=search_term_string\"}],\"inLanguage\":\"fr-FR\"},{\"@type\":\"ImageObject\",\"@id\":\"https:\/\/zity.eco\/fr\/blog\/zfe-lyon-zity-solution-alternative\/#primaryimage\",\"inLanguage\":\"fr-FR\",\"url\":\"https:\/\/zity.eco\/wp-content\/uploads\/2022\/03\/Zity_Lyon_3.jpg\",\"contentUrl\":\"https:\/\/zity.eco\/wp-content\/uploads\/2022\/03\/Zity_Lyon_3.jpg\",\"caption\":\"zfe lyon zity autopartage\"},{\"@type\":\"WebPage\",\"@id\":\"https:\/\/zity.eco\/fr\/blog\/zfe-lyon-zity-solution-alternative\/#webpage\",\"url\":\"https:\/\/zity.eco\/fr\/blog\/zfe-lyon-zity-solution-alternative\/\",\"name\":\"alternative mobilit\u00e9 zfe lyon &ndash; Zity\",\"isPartOf\":{\"@id\":\"https:\/\/zity.eco\/#website\"},\"primaryImageOfPage\":{\"@id\":\"https:\/\/zity.eco\/fr\/blog\/zfe-lyon-zity-solution-alternative\/#primaryimage\"},\"datePublished\":\"2022-03-17T12:26:37+00:00\",\"dateModified\":\"2022-09-29T11:46:55+00:00\",\"author\":{\"@id\":\"https:\/\/zity.eco\/#\/schema\/person\/17c4376e7153a69004bfefe9da359b21\"},\"description\":\"Nouvelles \u00e9ch\u00e9ances pour la ZFE de Lyon. Zity et ses v\u00e9hicules \u00e9lectriques, solution de mobilit\u00e9 pour les usagers.\",\"breadcrumb\":{\"@id\":\"https:\/\/zity.eco\/fr\/blog\/zfe-lyon-zity-solution-alternative\/#breadcrumb\"},\"inLanguage\":\"fr-FR\",\"potentialAction\":[{\"@type\":\"ReadAction\",\"target\":[\"https:\/\/zity.eco\/fr\/blog\/zfe-lyon-zity-solution-alternative\/\"]}]},{\"@type\":\"BreadcrumbList\",\"@id\":\"https:\/\/zity.eco\/fr\/blog\/zfe-lyon-zity-solution-alternative\/#breadcrumb\",\"itemListElement\":[{\"@type\":\"ListItem\",\"position\":1,\"name\":\"Portada\",\"item\":\"https:\/\/zity.eco\/fr\/\"},{\"@type\":\"ListItem\",\"position\":2,\"name\":\"Pr\u00e9parez-vous aux prochaines \u00e9ch\u00e9ances de la ZFE \u00e0 Lyon avec Zity\"}]},{\"@type\":\"Person\",\"@id\":\"https:\/\/zity.eco\/#\/schema\/person\/17c4376e7153a69004bfefe9da359b21\",\"name\":\"Pilar Garc\u00eda Carrasco\",\"image\":{\"@type\":\"ImageObject\",\"@id\":\"https:\/\/zity.eco\/#personlogo\",\"inLanguage\":\"fr-FR\",\"url\":\"https:\/\/secure.gravatar.com\/avatar\/9e6914af7ffc4692846e1fa1e3b1d8d0?s=96&d=mm&r=g\",\"contentUrl\":\"https:\/\/secure.gravatar.com\/avatar\/9e6914af7ffc4692846e1fa1e3b1d8d0?s=96&d=mm&r=g\",\"caption\":\"Pilar Garc\u00eda Carrasco\"}}]}<\/script>\n<!-- \/ Yoast SEO plugin. -->","yoast_head_json":{"title":"alternative mobilit\u00e9 zfe lyon &ndash; Zity","description":"Nouvelles \u00e9ch\u00e9ances pour la ZFE de Lyon. Zity et ses v\u00e9hicules \u00e9lectriques, solution de mobilit\u00e9 pour les usagers.","robots":{"index":"index","follow":"follow","max-snippet":"max-snippet:-1","max-image-preview":"max-image-preview:large","max-video-preview":"max-video-preview:-1"},"canonical":"https:\/\/zity.eco\/fr\/blog\/zfe-lyon-zity-solution-alternative\/","og_locale":"fr_FR","og_type":"article","og_title":"alternative mobilit\u00e9 zfe lyon &ndash; Zity","og_description":"Nouvelles \u00e9ch\u00e9ances pour la ZFE de Lyon. Zity et ses v\u00e9hicules \u00e9lectriques, solution de mobilit\u00e9 pour les usagers.","og_url":"https:\/\/zity.eco\/fr\/blog\/zfe-lyon-zity-solution-alternative\/","og_site_name":"Zity","article_published_time":"2022-03-17T12:26:37+00:00","article_modified_time":"2022-09-29T11:46:55+00:00","twitter_card":"summary_large_image","twitter_image":"https:\/\/zity.eco\/wp-content\/uploads\/2022\/03\/Zity_Lyon_3.jpg","twitter_misc":{"\u00c9crit par":"Pilar Garc\u00eda Carrasco","Dur\u00e9e de lecture estim\u00e9e":"3 minutes"},"schema":{"@context":"https:\/\/schema.org","@graph":[{"@type":"WebSite","@id":"https:\/\/zity.eco\/#website","url":"https:\/\/zity.eco\/","name":"Zity","description":"","potentialAction":[{"@type":"SearchAction","target":{"@type":"EntryPoint","urlTemplate":"https:\/\/zity.eco\/?s={search_term_string}"},"query-input":"required name=search_term_string"}],"inLanguage":"fr-FR"},{"@type":"ImageObject","@id":"https:\/\/zity.eco\/fr\/blog\/zfe-lyon-zity-solution-alternative\/#primaryimage","inLanguage":"fr-FR","url":"https:\/\/zity.eco\/wp-content\/uploads\/2022\/03\/Zity_Lyon_3.jpg","contentUrl":"https:\/\/zity.eco\/wp-content\/uploads\/2022\/03\/Zity_Lyon_3.jpg","caption":"zfe lyon zity autopartage"},{"@type":"WebPage","@id":"https:\/\/zity.eco\/fr\/blog\/zfe-lyon-zity-solution-alternative\/#webpage","url":"https:\/\/zity.eco\/fr\/blog\/zfe-lyon-zity-solution-alternative\/","name":"alternative mobilit\u00e9 zfe lyon &ndash; Zity","isPartOf":{"@id":"https:\/\/zity.eco\/#website"},"primaryImageOfPage":{"@id":"https:\/\/zity.eco\/fr\/blog\/zfe-lyon-zity-solution-alternative\/#primaryimage"},"datePublished":"2022-03-17T12:26:37+00:00","dateModified":"2022-09-29T11:46:55+00:00","author":{"@id":"https:\/\/zity.eco\/#\/schema\/person\/17c4376e7153a69004bfefe9da359b21"},"description":"Nouvelles \u00e9ch\u00e9ances pour la ZFE de Lyon. Zity et ses v\u00e9hicules \u00e9lectriques, solution de mobilit\u00e9 pour les usagers.","breadcrumb":{"@id":"https:\/\/zity.eco\/fr\/blog\/zfe-lyon-zity-solution-alternative\/#breadcrumb"},"inLanguage":"fr-FR","potentialAction":[{"@type":"ReadAction","target":["https:\/\/zity.eco\/fr\/blog\/zfe-lyon-zity-solution-alternative\/"]}]},{"@type":"BreadcrumbList","@id":"https:\/\/zity.eco\/fr\/blog\/zfe-lyon-zity-solution-alternative\/#breadcrumb","itemListElement":[{"@type":"ListItem","position":1,"name":"Portada","item":"https:\/\/zity.eco\/fr\/"},{"@type":"ListItem","position":2,"name":"Pr\u00e9parez-vous aux prochaines \u00e9ch\u00e9ances de la ZFE \u00e0 Lyon avec Zity"}]},{"@type":"Person","@id":"https:\/\/zity.eco\/#\/schema\/person\/17c4376e7153a69004bfefe9da359b21","name":"Pilar Garc\u00eda Carrasco","image":{"@type":"ImageObject","@id":"https:\/\/zity.eco\/#personlogo","inLanguage":"fr-FR","url":"https:\/\/secure.gravatar.com\/avatar\/9e6914af7ffc4692846e1fa1e3b1d8d0?s=96&d=mm&r=g","contentUrl":"https:\/\/secure.gravatar.com\/avatar\/9e6914af7ffc4692846e1fa1e3b1d8d0?s=96&d=mm&r=g","caption":"Pilar Garc\u00eda Carrasco"}}]}},"_links":{"self":[{"href":"https:\/\/zity.eco\/fr\/wp-json\/wp\/v2\/posts\/119488"}],"collection":[{"href":"https:\/\/zity.eco\/fr\/wp-json\/wp\/v2\/posts"}],"about":[{"href":"https:\/\/zity.eco\/fr\/wp-json\/wp\/v2\/types\/post"}],"author":[{"embeddable":true,"href":"https:\/\/zity.eco\/fr\/wp-json\/wp\/v2\/users\/13"}],"replies":[{"embeddable":true,"href":"https:\/\/zity.eco\/fr\/wp-json\/wp\/v2\/comments?post=119488"}],"version-history":[{"count":2,"href":"https:\/\/zity.eco\/fr\/wp-json\/wp\/v2\/posts\/119488\/revisions"}],"predecessor-version":[{"id":119496,"href":"https:\/\/zity.eco\/fr\/wp-json\/wp\/v2\/posts\/119488\/revisions\/119496"}],"wp:featuredmedia":[{"embeddable":true,"href":"https:\/\/zity.eco\/fr\/wp-json\/wp\/v2\/media\/119489"}],"wp:attachment":[{"href":"https:\/\/zity.eco\/fr\/wp-json\/wp\/v2\/media?parent=119488"}],"wp:term":[{"taxonomy":"category","embeddable":true,"href":"https:\/\/zity.eco\/fr\/wp-json\/wp\/v2\/categories?post=119488"},{"taxonomy":"post_tag","embeddable":true,"href":"https:\/\/zity.eco\/fr\/wp-json\/wp\/v2\/tags?post=119488"}],"curies":[{"name":"wp","href":"https:\/\/api.w.org\/{rel}","templated":true}]}}