{"id":100923,"date":"2021-04-08T12:32:50","date_gmt":"2021-04-08T10:32:50","guid":{"rendered":"https:\/\/zity.eco\/?p=100923"},"modified":"2024-01-08T17:30:33","modified_gmt":"2024-01-08T16:30:33","slug":"le-forfait-mobilites-durables","status":"publish","type":"post","link":"https:\/\/zity.eco\/fr\/blog\/le-forfait-mobilites-durables\/","title":{"rendered":"Le Forfait Mobilit\u00e9s Durables"},"content":{"rendered":"<h2>Comment profiter du Forfait Mobilit\u00e9s Durables\u00a0?<\/h2>\n<p><strong>Pensez au Forfait Mobilit\u00e9s Durables<\/strong>\u00a0: en vigueur depuis le 10 mai 2020 afin d\u2019accompagner les salari\u00e9s et les employeurs du priv\u00e9 pour que leurs trajets quotidiens soient plus faciles, moins co\u00fbteux et plus propres.<\/p>\n<p>Pour les employ\u00e9s, il s&rsquo;agit de la prise en charge facultative par leur employeur des frais de transports personnels entre le domicile et le lieu de travail jusqu&rsquo;\u00e0 500\u20ac par an. Les moyens de transports concern\u00e9s sont :<\/p>\n<ul>\n<li>Les v\u00e9los, \u00e9lectriques ou m\u00e9caniques<\/li>\n<li>La voiture dans le cadre d&rsquo;un covoiturage (passager ou conducteur)<\/li>\n<li>Les engins de d\u00e9placement personnels en <strong>location ou en libre-service<\/strong> (motoris\u00e9s ou non)<\/li>\n<li>Les transports en commun en dehors des frais d&rsquo;abonnement<\/li>\n<li>Et tout autre <strong>service de mobilit\u00e9 partag\u00e9e<\/strong><\/li>\n<\/ul>\n<p>Vous pouvez donc, dans le cadre du Forfait Mobilit\u00e9s Durables, acheter des packs de cr\u00e9dit ZITY \u00e0 vos collaborateurs et\/ou leur rembourser les trajets effectu\u00e9s.<\/p>\n<p>En outre, ce dispositif est exon\u00e9r\u00e9 d&rsquo;imp\u00f4t sur le revenu et de cotisations sociales jusqu&rsquo;\u00e0 500 \u20ac par an et par salari\u00e9. Le forfait est cumulable avec la participation de l&#8217;employeur \u00e0 l&rsquo;abonnement de transport public.<\/p>\n<p><em>Source\u00a0: <\/em><a href=\"http:\/\/www.service-public.fr\/particuliers\/actualites\/A14046\"><em>www.service-public.fr\/particuliers\/actualites\/A14046<\/em><\/a><\/p>\n<p><strong>\u00a0<\/strong><\/p>\n<h2>Nos partenaires<\/h2>\n<p><img loading=\"lazy\" class=\"alignnone size-full wp-image-101194\" src=\"https:\/\/zity.eco\/wp-content\/uploads\/2021\/04\/Logo-Betterway.png\" alt=\"\" width=\"454\" height=\"93\" \/><\/p>\n<p><a href=\"https:\/\/betterway.fr\/\"><strong>Betterway<\/strong><\/a><\/p>\n<p>La carte qui simplifie la mobilit\u00e9 de vos employ\u00e9s. G\u00e9rez facilement le forfait mobilit\u00e9s durables. Int\u00e9grez tous les moyens de transport. Gagnez du temps au quotidien.<\/p>\n<p><img loading=\"lazy\" class=\"alignnone size-full wp-image-101200\" src=\"https:\/\/zity.eco\/wp-content\/uploads\/2021\/04\/Logo-Search-e1618396542956.png\" alt=\"\" width=\"316\" height=\"79\" \/><\/p>\n<p><a href=\"https:\/\/www.search.cab\/\"><strong>Search Mobility<\/strong><\/a><\/p>\n<p>Application qui permet d\u2019acc\u00e9der \u00e0 100% des services de mobilit\u00e9 \u00e9ligibles au FMD, de g\u00e9n\u00e9rer automatiquement des attestations sur l\u2019honneur, de conserver les justificatifs et de suivre la consommation des comptes mobilit\u00e9 de chaque salari\u00e9.<\/p>\n<p><img loading=\"lazy\" class=\"alignnone wp-image-101197 size-full\" src=\"https:\/\/zity.eco\/wp-content\/uploads\/2021\/04\/Logo-Skipr-e1621859547479.png\" alt=\"\" width=\"293\" height=\"113\" srcset=\"https:\/\/zity.eco\/wp-content\/uploads\/2021\/04\/Logo-Skipr-e1621859547479.png 293w, https:\/\/zity.eco\/wp-content\/uploads\/2021\/04\/Logo-Skipr-e1621859547479-24x9.png 24w, https:\/\/zity.eco\/wp-content\/uploads\/2021\/04\/Logo-Skipr-e1621859547479-36x14.png 36w, https:\/\/zity.eco\/wp-content\/uploads\/2021\/04\/Logo-Skipr-e1621859547479-48x19.png 48w\" sizes=\"(max-width: 293px) 100vw, 293px\" \/><\/p>\n<p><a href=\"http:\/\/www.skipr.co\/france\"><strong>Skipr<\/strong><\/a><\/p>\n<p>Aux moyens d\u2019une app multimodale, d&rsquo;une plateforme de gestion SaaS et d&rsquo;une carte de paiement, Skipr aide \u00e0 initier et \u00e0 impl\u00e9menter une mobilit\u00e9 flexible et durable dans les entreprises.<br \/>L\u2019application guide les utilisateurs vers leur destination en combinant les transports priv\u00e9s, publics et partag\u00e9s.<\/p>\n\n\n<figure class=\"wp-block-image size-large is-resized\"><img loading=\"lazy\" src=\"https:\/\/zity.eco\/wp-content\/uploads\/2021\/05\/logo-worklife.png\" alt=\"\" class=\"wp-image-102904\" width=\"297\" height=\"45\" srcset=\"https:\/\/zity.eco\/wp-content\/uploads\/2021\/05\/logo-worklife.png 3889w, https:\/\/zity.eco\/wp-content\/uploads\/2021\/05\/logo-worklife-768x120.png 768w, https:\/\/zity.eco\/wp-content\/uploads\/2021\/05\/logo-worklife-1536x239.png 1536w, https:\/\/zity.eco\/wp-content\/uploads\/2021\/05\/logo-worklife-2048x319.png 2048w, https:\/\/zity.eco\/wp-content\/uploads\/2021\/05\/logo-worklife-24x4.png 24w, https:\/\/zity.eco\/wp-content\/uploads\/2021\/05\/logo-worklife-36x6.png 36w, https:\/\/zity.eco\/wp-content\/uploads\/2021\/05\/logo-worklife-48x7.png 48w, https:\/\/zity.eco\/wp-content\/uploads\/2021\/05\/logo-worklife-600x93.png 600w\" sizes=\"(max-width: 297px) 100vw, 297px\" \/><\/figure>\n\n\n\n<p><a href=\"https:\/\/www.worklife.io\/cartes\/forfait-mobilite-durable\"><strong>Worklife<\/strong><\/a><\/p>\n\n\n\n<p>Worklife simplifie la mise en place du forfait mobilit\u00e9s durables et permet de cumuler FMD et remboursement de frais de transport. Une app et une carte unique pour g\u00e9rer et financer la mobilit\u00e9, les titres restaurant et les services \u00e0 la personne.<\/p>\n","protected":false},"excerpt":{"rendered":"<p>Comment profiter du Forfait Mobilit\u00e9s Durables\u00a0? Pensez au Forfait Mobilit\u00e9s Durables\u00a0: en vigueur depuis le 10 mai 2020 afin d\u2019accompagner les salari\u00e9s et les employeurs du priv\u00e9 pour que leurs trajets quotidiens soient plus faciles, moins co\u00fbteux et plus propres. Pour les employ\u00e9s, il s&rsquo;agit de la prise en charge facultative par leur employeur des [&hellip;]<\/p>\n","protected":false},"author":13,"featured_media":100927,"comment_status":"closed","ping_status":"closed","sticky":false,"template":"","format":"standard","meta":{"inline_featured_image":false},"categories":[1663],"tags":[],"yoast_head":"<!-- This site is optimized with the Yoast SEO plugin v18.5.1 - https:\/\/yoast.com\/wordpress\/plugins\/seo\/ -->\n<title>Le Forfait Mobilit\u00e9s Durables &ndash; Zity<\/title>\n<meta name=\"robots\" content=\"index, follow, max-snippet:-1, max-image-preview:large, max-video-preview:-1\" \/>\n<link rel=\"canonical\" href=\"https:\/\/zity.eco\/fr\/blog\/le-forfait-mobilites-durables\/\" \/>\n<meta property=\"og:locale\" content=\"fr_FR\" \/>\n<meta property=\"og:type\" content=\"article\" \/>\n<meta property=\"og:title\" content=\"Le Forfait Mobilit\u00e9s Durables &ndash; Zity\" \/>\n<meta property=\"og:description\" content=\"Comment profiter du Forfait Mobilit\u00e9s Durables\u00a0? Pensez au Forfait Mobilit\u00e9s Durables\u00a0: en vigueur depuis le 10 mai 2020 afin d\u2019accompagner les salari\u00e9s et les employeurs du priv\u00e9 pour que leurs trajets quotidiens soient plus faciles, moins co\u00fbteux et plus propres. Pour les employ\u00e9s, il s&rsquo;agit de la prise en charge facultative par leur employeur des [&hellip;]\" \/>\n<meta property=\"og:url\" content=\"https:\/\/zity.eco\/fr\/blog\/le-forfait-mobilites-durables\/\" \/>\n<meta property=\"og:site_name\" content=\"Zity\" \/>\n<meta property=\"article:published_time\" content=\"2021-04-08T10:32:50+00:00\" \/>\n<meta property=\"article:modified_time\" content=\"2024-01-08T16:30:33+00:00\" \/>\n<meta property=\"og:image\" content=\"https:\/\/zity.eco\/wp-content\/uploads\/2021\/04\/Photo_FMD-scaled.jpg\" \/>\n\t<meta property=\"og:image:width\" content=\"2560\" \/>\n\t<meta property=\"og:image:height\" content=\"1707\" \/>\n\t<meta property=\"og:image:type\" content=\"image\/jpeg\" \/>\n<meta name=\"twitter:card\" content=\"summary_large_image\" \/>\n<meta name=\"twitter:label1\" content=\"\u00c9crit par\" \/>\n\t<meta name=\"twitter:data1\" content=\"Pilar Garc\u00eda Carrasco\" \/>\n\t<meta name=\"twitter:label2\" content=\"Dur\u00e9e de lecture estim\u00e9e\" \/>\n\t<meta name=\"twitter:data2\" content=\"3 minutes\" \/>\n<script type=\"application\/ld+json\" class=\"yoast-schema-graph\">{\"@context\":\"https:\/\/schema.org\",\"@graph\":[{\"@type\":\"WebSite\",\"@id\":\"https:\/\/zity.eco\/#website\",\"url\":\"https:\/\/zity.eco\/\",\"name\":\"Zity\",\"description\":\"\",\"potentialAction\":[{\"@type\":\"SearchAction\",\"target\":{\"@type\":\"EntryPoint\",\"urlTemplate\":\"https:\/\/zity.eco\/?s={search_term_string}\"},\"query-input\":\"required name=search_term_string\"}],\"inLanguage\":\"fr-FR\"},{\"@type\":\"ImageObject\",\"@id\":\"https:\/\/zity.eco\/fr\/blog\/le-forfait-mobilites-durables\/#primaryimage\",\"inLanguage\":\"fr-FR\",\"url\":\"https:\/\/zity.eco\/wp-content\/uploads\/2021\/04\/Photo_FMD-scaled.jpg\",\"contentUrl\":\"https:\/\/zity.eco\/wp-content\/uploads\/2021\/04\/Photo_FMD-scaled.jpg\",\"width\":2560,\"height\":1707},{\"@type\":\"WebPage\",\"@id\":\"https:\/\/zity.eco\/fr\/blog\/le-forfait-mobilites-durables\/#webpage\",\"url\":\"https:\/\/zity.eco\/fr\/blog\/le-forfait-mobilites-durables\/\",\"name\":\"Le Forfait Mobilit\u00e9s Durables &ndash; Zity\",\"isPartOf\":{\"@id\":\"https:\/\/zity.eco\/#website\"},\"primaryImageOfPage\":{\"@id\":\"https:\/\/zity.eco\/fr\/blog\/le-forfait-mobilites-durables\/#primaryimage\"},\"datePublished\":\"2021-04-08T10:32:50+00:00\",\"dateModified\":\"2024-01-08T16:30:33+00:00\",\"author\":{\"@id\":\"https:\/\/zity.eco\/#\/schema\/person\/17c4376e7153a69004bfefe9da359b21\"},\"breadcrumb\":{\"@id\":\"https:\/\/zity.eco\/fr\/blog\/le-forfait-mobilites-durables\/#breadcrumb\"},\"inLanguage\":\"fr-FR\",\"potentialAction\":[{\"@type\":\"ReadAction\",\"target\":[\"https:\/\/zity.eco\/fr\/blog\/le-forfait-mobilites-durables\/\"]}]},{\"@type\":\"BreadcrumbList\",\"@id\":\"https:\/\/zity.eco\/fr\/blog\/le-forfait-mobilites-durables\/#breadcrumb\",\"itemListElement\":[{\"@type\":\"ListItem\",\"position\":1,\"name\":\"Portada\",\"item\":\"https:\/\/zity.eco\/fr\/\"},{\"@type\":\"ListItem\",\"position\":2,\"name\":\"Le Forfait Mobilit\u00e9s Durables\"}]},{\"@type\":\"Person\",\"@id\":\"https:\/\/zity.eco\/#\/schema\/person\/17c4376e7153a69004bfefe9da359b21\",\"name\":\"Pilar Garc\u00eda Carrasco\",\"image\":{\"@type\":\"ImageObject\",\"@id\":\"https:\/\/zity.eco\/#personlogo\",\"inLanguage\":\"fr-FR\",\"url\":\"https:\/\/secure.gravatar.com\/avatar\/9e6914af7ffc4692846e1fa1e3b1d8d0?s=96&d=mm&r=g\",\"contentUrl\":\"https:\/\/secure.gravatar.com\/avatar\/9e6914af7ffc4692846e1fa1e3b1d8d0?s=96&d=mm&r=g\",\"caption\":\"Pilar Garc\u00eda Carrasco\"}}]}<\/script>\n<!-- \/ Yoast SEO plugin. -->","yoast_head_json":{"title":"Le Forfait Mobilit\u00e9s Durables &ndash; Zity","robots":{"index":"index","follow":"follow","max-snippet":"max-snippet:-1","max-image-preview":"max-image-preview:large","max-video-preview":"max-video-preview:-1"},"canonical":"https:\/\/zity.eco\/fr\/blog\/le-forfait-mobilites-durables\/","og_locale":"fr_FR","og_type":"article","og_title":"Le Forfait Mobilit\u00e9s Durables &ndash; Zity","og_description":"Comment profiter du Forfait Mobilit\u00e9s Durables\u00a0? Pensez au Forfait Mobilit\u00e9s Durables\u00a0: en vigueur depuis le 10 mai 2020 afin d\u2019accompagner les salari\u00e9s et les employeurs du priv\u00e9 pour que leurs trajets quotidiens soient plus faciles, moins co\u00fbteux et plus propres. Pour les employ\u00e9s, il s&rsquo;agit de la prise en charge facultative par leur employeur des [&hellip;]","og_url":"https:\/\/zity.eco\/fr\/blog\/le-forfait-mobilites-durables\/","og_site_name":"Zity","article_published_time":"2021-04-08T10:32:50+00:00","article_modified_time":"2024-01-08T16:30:33+00:00","og_image":[{"width":2560,"height":1707,"url":"https:\/\/zity.eco\/wp-content\/uploads\/2021\/04\/Photo_FMD-scaled.jpg","type":"image\/jpeg"}],"twitter_card":"summary_large_image","twitter_misc":{"\u00c9crit par":"Pilar Garc\u00eda Carrasco","Dur\u00e9e de lecture estim\u00e9e":"3 minutes"},"schema":{"@context":"https:\/\/schema.org","@graph":[{"@type":"WebSite","@id":"https:\/\/zity.eco\/#website","url":"https:\/\/zity.eco\/","name":"Zity","description":"","potentialAction":[{"@type":"SearchAction","target":{"@type":"EntryPoint","urlTemplate":"https:\/\/zity.eco\/?s={search_term_string}"},"query-input":"required name=search_term_string"}],"inLanguage":"fr-FR"},{"@type":"ImageObject","@id":"https:\/\/zity.eco\/fr\/blog\/le-forfait-mobilites-durables\/#primaryimage","inLanguage":"fr-FR","url":"https:\/\/zity.eco\/wp-content\/uploads\/2021\/04\/Photo_FMD-scaled.jpg","contentUrl":"https:\/\/zity.eco\/wp-content\/uploads\/2021\/04\/Photo_FMD-scaled.jpg","width":2560,"height":1707},{"@type":"WebPage","@id":"https:\/\/zity.eco\/fr\/blog\/le-forfait-mobilites-durables\/#webpage","url":"https:\/\/zity.eco\/fr\/blog\/le-forfait-mobilites-durables\/","name":"Le Forfait Mobilit\u00e9s Durables &ndash; Zity","isPartOf":{"@id":"https:\/\/zity.eco\/#website"},"primaryImageOfPage":{"@id":"https:\/\/zity.eco\/fr\/blog\/le-forfait-mobilites-durables\/#primaryimage"},"datePublished":"2021-04-08T10:32:50+00:00","dateModified":"2024-01-08T16:30:33+00:00","author":{"@id":"https:\/\/zity.eco\/#\/schema\/person\/17c4376e7153a69004bfefe9da359b21"},"breadcrumb":{"@id":"https:\/\/zity.eco\/fr\/blog\/le-forfait-mobilites-durables\/#breadcrumb"},"inLanguage":"fr-FR","potentialAction":[{"@type":"ReadAction","target":["https:\/\/zity.eco\/fr\/blog\/le-forfait-mobilites-durables\/"]}]},{"@type":"BreadcrumbList","@id":"https:\/\/zity.eco\/fr\/blog\/le-forfait-mobilites-durables\/#breadcrumb","itemListElement":[{"@type":"ListItem","position":1,"name":"Portada","item":"https:\/\/zity.eco\/fr\/"},{"@type":"ListItem","position":2,"name":"Le Forfait Mobilit\u00e9s Durables"}]},{"@type":"Person","@id":"https:\/\/zity.eco\/#\/schema\/person\/17c4376e7153a69004bfefe9da359b21","name":"Pilar Garc\u00eda Carrasco","image":{"@type":"ImageObject","@id":"https:\/\/zity.eco\/#personlogo","inLanguage":"fr-FR","url":"https:\/\/secure.gravatar.com\/avatar\/9e6914af7ffc4692846e1fa1e3b1d8d0?s=96&d=mm&r=g","contentUrl":"https:\/\/secure.gravatar.com\/avatar\/9e6914af7ffc4692846e1fa1e3b1d8d0?s=96&d=mm&r=g","caption":"Pilar Garc\u00eda Carrasco"}}]}},"_links":{"self":[{"href":"https:\/\/zity.eco\/fr\/wp-json\/wp\/v2\/posts\/100923"}],"collection":[{"href":"https:\/\/zity.eco\/fr\/wp-json\/wp\/v2\/posts"}],"about":[{"href":"https:\/\/zity.eco\/fr\/wp-json\/wp\/v2\/types\/post"}],"author":[{"embeddable":true,"href":"https:\/\/zity.eco\/fr\/wp-json\/wp\/v2\/users\/13"}],"replies":[{"embeddable":true,"href":"https:\/\/zity.eco\/fr\/wp-json\/wp\/v2\/comments?post=100923"}],"version-history":[{"count":3,"href":"https:\/\/zity.eco\/fr\/wp-json\/wp\/v2\/posts\/100923\/revisions"}],"predecessor-version":[{"id":102913,"href":"https:\/\/zity.eco\/fr\/wp-json\/wp\/v2\/posts\/100923\/revisions\/102913"}],"wp:featuredmedia":[{"embeddable":true,"href":"https:\/\/zity.eco\/fr\/wp-json\/wp\/v2\/media\/100927"}],"wp:attachment":[{"href":"https:\/\/zity.eco\/fr\/wp-json\/wp\/v2\/media?parent=100923"}],"wp:term":[{"taxonomy":"category","embeddable":true,"href":"https:\/\/zity.eco\/fr\/wp-json\/wp\/v2\/categories?post=100923"},{"taxonomy":"post_tag","embeddable":true,"href":"https:\/\/zity.eco\/fr\/wp-json\/wp\/v2\/tags?post=100923"}],"curies":[{"name":"wp","href":"https:\/\/api.w.org\/{rel}","templated":true}]}}